{"id":611,"global_id":"ackosice.sk\/en?id=611","global_id_lineage":["ackosice.sk\/en?id=611"],"author":"1","status":"publish","date":"2023-09-06 16:43:21","date_utc":"2023-09-06 14:43:21","modified":"2025-11-01 22:54:13","modified_utc":"2025-11-01 21:54:13","url":"https:\/\/ackosice.sk\/en\/udalosti\/ministry-conference\/","rest_url":"https:\/\/ackosice.sk\/en\/wp-json\/tribe\/events\/v1\/events\/611","title":"Konferencia pre slu\u017eobn\u00edkov","description":"<p>Mil\u00ed priatelia, slu\u017eobn\u00edci a dobrovo\u013en\u00edci,<\/p>\n<p>poz\u00fdvame V\u00e1s na konferenciu pre pastorov, slu\u017eobn\u00edkov a ved\u00facich slu\u017eieb, tzv. <b class=\"yiv4516156173\">Ministry Conference<\/b>, ktor\u00e1 sa uskuto\u010dn\u00ed tento rok v term\u00edne \u00a0<strong>21.-22.11.2025 <\/strong>u n\u00e1s AC Ko\u0161ice. Hos\u0165om bude <strong>Adam Islip (Ve\u013ek\u00e1 Brit\u00e1nia).<\/strong> M\u00e1me u\u017e spusten\u00e9 prihlasovanie <a href=\"https:\/\/forms.gle\/224WMqJY3uy2uDrG6\"><span style=\"text-decoration: underline;\"><em><strong>TU.<\/strong><\/em><\/span><\/a><\/p>\n<p>Te\u0161\u00edme sa na Bo\u017eiu pr\u00edtomnos\u0165 a vynau\u010denie.<\/p>","excerpt":"","slug":"ministry-conference","image":{"url":"https:\/\/ackosice.sk\/wp-content\/uploads\/2023\/09\/MC25\u2013Post.png","id":5647,"extension":"png","width":1900,"height":1080,"filesize":3113450,"sizes":{"medium":{"width":300,"height":171,"mime-type":"image\/png","filesize":22265,"url":"https:\/\/ackosice.sk\/wp-content\/uploads\/2023\/09\/MC25\u2013Post-300x171.png"},"large":{"width":1024,"height":582,"mime-type":"image\/png","filesize":652717,"url":"https:\/\/ackosice.sk\/wp-content\/uploads\/2023\/09\/MC25\u2013Post-1024x582.png"},"thumbnail":{"width":150,"height":150,"mime-type":"image\/png","filesize":10971,"url":"https:\/\/ackosice.sk\/wp-content\/uploads\/2023\/09\/MC25\u2013Post-150x150.png"},"medium_large":{"width":768,"height":437,"mime-type":"image\/png","filesize":137914,"url":"https:\/\/ackosice.sk\/wp-content\/uploads\/2023\/09\/MC25\u2013Post-768x437.png"},"1536x1536":{"width":1536,"height":873,"mime-type":"image\/png","filesize":1603130,"url":"https:\/\/ackosice.sk\/wp-content\/uploads\/2023\/09\/MC25\u2013Post-1536x873.png"},"trp-custom-language-flag":{"width":18,"height":10,"mime-type":"image\/png","filesize":944,"url":"https:\/\/ackosice.sk\/wp-content\/uploads\/2023\/09\/MC25\u2013Post-18x10.png"}}},"all_day":false,"start_date":"2025-11-21 16:00:00","start_date_details":{"year":"2025","month":"11","day":"21","hour":"16","minutes":"00","seconds":"00"},"end_date":"2025-11-22 17:00:00","end_date_details":{"year":"2025","month":"11","day":"22","hour":"17","minutes":"00","seconds":"00"},"utc_start_date":"2025-11-21 15:00:00","utc_start_date_details":{"year":"2025","month":"11","day":"21","hour":"15","minutes":"00","seconds":"00"},"utc_end_date":"2025-11-22 16:00:00","utc_end_date_details":{"year":"2025","month":"11","day":"22","hour":"16","minutes":"00","seconds":"00"},"timezone":"Europe\/Bratislava","timezone_abbr":"CET","cost":"","cost_details":{"currency_symbol":"","currency_code":"","currency_position":"prefix","values":[]},"website":"","show_map":false,"show_map_link":false,"hide_from_listings":false,"sticky":false,"featured":false,"categories":[],"tags":[],"venue":[],"organizer":[],"json_ld":{"@context":"http:\/\/schema.org","@type":"Event","name":"Konferencia pre slu\u017eobn\u00edkov","description":"&lt;p&gt;Mil\u00ed priatelia, slu\u017eobn\u00edci a dobrovo\u013en\u00edci, poz\u00fdvame V\u00e1s na konferenciu pre pastorov, slu\u017eobn\u00edkov a ved\u00facich slu\u017eieb, tzv. Ministry Conference, ktor\u00e1 sa uskuto\u010dn\u00ed tento rok v term\u00edne \u00a021.-22.11.2025 u n\u00e1s AC Ko\u0161ice. &hellip;&lt;\/p&gt;\\n&lt;p class=&quot;read-more&quot;&gt; &lt;a class=&quot;&quot; href=&quot;https:\/\/ackosice.sk\/en\/udalosti\/ministry-conference\/&quot;&gt; &lt;span class=&quot;screen-reader-text&quot;&gt;Konferencia pre slu\u017eobn\u00edkov&lt;\/span&gt; Read More &raquo;&lt;\/a&gt;&lt;\/p&gt;\\n","image":"https:\/\/ackosice.sk\/wp-content\/uploads\/2023\/09\/MC25\u2013Post.png","url":"https:\/\/ackosice.sk\/en\/udalosti\/ministry-conference\/","eventAttendanceMode":"https:\/\/schema.org\/OfflineEventAttendanceMode","eventStatus":"https:\/\/schema.org\/EventScheduled","startDate":"2025-11-21T16:00:00+01:00","endDate":"2025-11-22T17:00:00+01:00","performer":"Organization"}}